{"id":269,"date":"2020-09-24T17:32:44","date_gmt":"2020-09-24T15:32:44","guid":{"rendered":"http:\/\/zde.hr\/?p=269"},"modified":"2022-11-15T15:02:40","modified_gmt":"2022-11-15T14:02:40","slug":"269-2","status":"publish","type":"post","link":"http:\/\/zde.hr\/en\/269-2\/","title":{"rendered":""},"content":{"rendered":"<p style=\"font-size:11px\"><strong>Poziv na Izvanrednu skup\u0161tinu ZDE<\/strong><br><strong>Dana 9. listopada 2020. godine odr\u017eat \u0107e se Izvanredna skup\u0161tina Znanstvenog dru\u0161tva ekonomista.<\/strong><br>Po\u0161tovani,<br>sazivam prvu Izvanrednu e &#8211; skup\u0161tinu koja \u0107e se odr\u017eati u petak 9. listopada 2020. godine s po\u010detkom u 10,00 sati.<br>Za sva dodatna pitanja i informacije slobodno nas kontaktirajte putem e-mail adrese zde@zde.hr.<br>S po\u0161tovanjem,<br>Prof. dr. sc. Hrvoje \u0160imovi\u0107<br>Predsjednik Dru\u0161tva<\/p>\n\n\n\n<p><\/p>\n\n\n\n<p><\/p>\n\n\n\n<p><\/p>\n\n\n\n<p><\/p>\n\n\n\n<p><\/p>\n\n\n\n<p><\/p>\n\n\n\n<div class=\"wp-block-group\"><div class=\"wp-block-group__inner-container\">\n<div class=\"wp-block-group\"><div class=\"wp-block-group__inner-container\"><\/div><\/div>\n<\/div><\/div>","protected":false},"excerpt":{"rendered":"<p>Poziv na Izvanrednu skup\u0161tinu ZDEDana 9. listopada 2020. godine odr\u017eat \u0107e se Izvanredna skup\u0161tina Znanstvenog dru\u0161tva ekonomista.Po\u0161tovani,sazivam prvu Izvanrednu e &#8211; skup\u0161tinu koja \u0107e se odr\u017eati u petak 9. listopada 2020. godine s po\u010detkom u 10,00 sati.Za sva dodatna pitanja i informacije slobodno nas kontaktirajte putem e-mail adrese zde@zde.hr.S po\u0161tovanjem,Prof. dr. sc. Hrvoje \u0160imovi\u0107Predsjednik Dru\u0161tva<\/p>","protected":false},"author":1,"featured_media":0,"comment_status":"closed","ping_status":"closed","sticky":false,"template":"","format":"standard","meta":[],"categories":[14],"tags":[],"yoast_head":"<!-- This site is optimized with the Yoast SEO plugin v14.0.4 - https:\/\/yoast.com\/wordpress\/plugins\/seo\/ -->\n<title>| Znanstveno dru\u0161tvo ekonomista<\/title>\n<meta name=\"robots\" content=\"index, follow\" \/>\n<meta name=\"googlebot\" content=\"index, follow, max-snippet:-1, max-image-preview:large, max-video-preview:-1\" \/>\n<meta name=\"bingbot\" content=\"index, follow, max-snippet:-1, max-image-preview:large, max-video-preview:-1\" \/>\n<link rel=\"canonical\" href=\"http:\/\/zde.hr\/en\/269-2\/\" \/>\n<meta property=\"og:locale\" content=\"en_US\" \/>\n<meta property=\"og:type\" content=\"article\" \/>\n<meta property=\"og:title\" content=\"| Znanstveno dru\u0161tvo ekonomista\" \/>\n<meta property=\"og:description\" content=\"Poziv na Izvanrednu skup\u0161tinu ZDEDana 9. listopada 2020. godine odr\u017eat \u0107e se Izvanredna skup\u0161tina Znanstvenog dru\u0161tva ekonomista.Po\u0161tovani,sazivam prvu Izvanrednu e &#8211; skup\u0161tinu koja \u0107e se odr\u017eati u petak 9. listopada 2020. godine s po\u010detkom u 10,00 sati.Za sva dodatna pitanja i informacije slobodno nas kontaktirajte putem e-mail adrese zde@zde.hr.S po\u0161tovanjem,Prof. dr. sc. Hrvoje \u0160imovi\u0107Predsjednik Dru\u0161tva\" \/>\n<meta property=\"og:url\" content=\"http:\/\/zde.hr\/en\/269-2\/\" \/>\n<meta property=\"og:site_name\" content=\"Znanstveno dru\u0161tvo ekonomista\" \/>\n<meta property=\"article:published_time\" content=\"2020-09-24T15:32:44+00:00\" \/>\n<meta property=\"article:modified_time\" content=\"2022-11-15T14:02:40+00:00\" \/>\n<meta name=\"twitter:card\" content=\"summary_large_image\" \/>\n<script type=\"application\/ld+json\" class=\"yoast-schema-graph\">{\"@context\":\"https:\/\/schema.org\",\"@graph\":[{\"@type\":\"Organization\",\"@id\":\"http:\/\/zde.hr\/en\/#organization\",\"name\":\"Znanstveno dru\\u0161tvo ekonomista\",\"url\":\"http:\/\/zde.hr\/en\/\",\"sameAs\":[\"https:\/\/hr.linkedin.com\/in\/znanstveno-dru\\u0161tvo-ekonomista-a76713114\"],\"logo\":{\"@type\":\"ImageObject\",\"@id\":\"http:\/\/zde.hr\/en\/#logo\",\"inLanguage\":\"en-US\",\"url\":\"http:\/\/zde.hr\/wp-content\/uploads\/2020\/04\/Logo.png\",\"width\":176,\"height\":157,\"caption\":\"Znanstveno dru\\u0161tvo ekonomista\"},\"image\":{\"@id\":\"http:\/\/zde.hr\/en\/#logo\"}},{\"@type\":\"WebSite\",\"@id\":\"http:\/\/zde.hr\/en\/#website\",\"url\":\"http:\/\/zde.hr\/en\/\",\"name\":\"Znanstveno dru\\u0161tvo ekonomista\",\"description\":\"Znanstveno dru\\u0161tvo ekonomista\",\"publisher\":{\"@id\":\"http:\/\/zde.hr\/en\/#organization\"},\"potentialAction\":[{\"@type\":\"SearchAction\",\"target\":\"http:\/\/zde.hr\/en\/?s={search_term_string}\",\"query-input\":\"required name=search_term_string\"}],\"inLanguage\":\"en-US\"},{\"@type\":\"WebPage\",\"@id\":\"http:\/\/zde.hr\/269-2\/#webpage\",\"url\":\"http:\/\/zde.hr\/269-2\/\",\"name\":\"| Znanstveno dru\\u0161tvo ekonomista\",\"isPartOf\":{\"@id\":\"http:\/\/zde.hr\/en\/#website\"},\"datePublished\":\"2020-09-24T15:32:44+00:00\",\"dateModified\":\"2022-11-15T14:02:40+00:00\",\"inLanguage\":\"en-US\",\"potentialAction\":[{\"@type\":\"ReadAction\",\"target\":[\"http:\/\/zde.hr\/269-2\/\"]}]},{\"@type\":\"Article\",\"@id\":\"http:\/\/zde.hr\/269-2\/#article\",\"isPartOf\":{\"@id\":\"http:\/\/zde.hr\/269-2\/#webpage\"},\"author\":{\"@id\":\"http:\/\/zde.hr\/en\/#\/schema\/person\/b7406144007ccd37c5e920139d677f24\"},\"headline\":\"No title\",\"datePublished\":\"2020-09-24T15:32:44+00:00\",\"dateModified\":\"2022-11-15T14:02:40+00:00\",\"commentCount\":0,\"mainEntityOfPage\":{\"@id\":\"http:\/\/zde.hr\/269-2\/#webpage\"},\"publisher\":{\"@id\":\"http:\/\/zde.hr\/en\/#organization\"},\"articleSection\":\"ZDE\",\"inLanguage\":\"en-US\"},{\"@type\":[\"Person\"],\"@id\":\"http:\/\/zde.hr\/en\/#\/schema\/person\/b7406144007ccd37c5e920139d677f24\",\"name\":\"admin\",\"image\":{\"@type\":\"ImageObject\",\"@id\":\"http:\/\/zde.hr\/en\/#personlogo\",\"inLanguage\":\"en-US\",\"url\":\"http:\/\/1.gravatar.com\/avatar\/7450309221ef62a24dced38757e9dea0?s=96&d=mm&r=g\",\"caption\":\"admin\"}}]}<\/script>\n<!-- \/ Yoast SEO plugin. -->","_links":{"self":[{"href":"http:\/\/zde.hr\/en\/wp-json\/wp\/v2\/posts\/269"}],"collection":[{"href":"http:\/\/zde.hr\/en\/wp-json\/wp\/v2\/posts"}],"about":[{"href":"http:\/\/zde.hr\/en\/wp-json\/wp\/v2\/types\/post"}],"author":[{"embeddable":true,"href":"http:\/\/zde.hr\/en\/wp-json\/wp\/v2\/users\/1"}],"replies":[{"embeddable":true,"href":"http:\/\/zde.hr\/en\/wp-json\/wp\/v2\/comments?post=269"}],"version-history":[{"count":15,"href":"http:\/\/zde.hr\/en\/wp-json\/wp\/v2\/posts\/269\/revisions"}],"predecessor-version":[{"id":779,"href":"http:\/\/zde.hr\/en\/wp-json\/wp\/v2\/posts\/269\/revisions\/779"}],"wp:attachment":[{"href":"http:\/\/zde.hr\/en\/wp-json\/wp\/v2\/media?parent=269"}],"wp:term":[{"taxonomy":"category","embeddable":true,"href":"http:\/\/zde.hr\/en\/wp-json\/wp\/v2\/categories?post=269"},{"taxonomy":"post_tag","embeddable":true,"href":"http:\/\/zde.hr\/en\/wp-json\/wp\/v2\/tags?post=269"}],"curies":[{"name":"wp","href":"https:\/\/api.w.org\/{rel}","templated":true}]}}