{"id":215,"date":"2020-05-06T21:56:12","date_gmt":"2020-05-06T19:56:12","guid":{"rendered":"http:\/\/zde.hr\/?p=215"},"modified":"2022-11-15T15:02:28","modified_gmt":"2022-11-15T14:02:28","slug":"izabrana-nova-upravna-tijela-znanstvenog-drustva-ekonomista","status":"publish","type":"post","link":"http:\/\/zde.hr\/en\/izabrana-nova-upravna-tijela-znanstvenog-drustva-ekonomista\/","title":{"rendered":""},"content":{"rendered":"<p style=\"font-size:11px\"><strong><span style=\"font-size: inherit;\">Izabrana nova tijela upravljanja Znanstvenog dru\u0161tva ekonomista<\/span><\/strong><br>Dana 28.2.2020. godine odr\u017eana je redovna i izborna Skup\u0161tina na kojoj je izabrano novo vodstvo Dru\u0161tva. Novi predsjednik Dru\u0161tva je prof. dr. sc. Hrvoje \u0160imovi\u0107 koji je preuzeo mandat od dosada\u0161njeg predsjednika prof. dr. sc. Luke Brki\u0107a. Izabrana su i ostala tijela Dru\u0161tva. <a href=\"http:\/\/zde.hr\/organizacija-znanstveno-drustvo-ekonomista\/\">[VIDI VI\u0160E]<\/a>&nbsp;&nbsp;<\/p>\n\n\n\n<p><\/p>","protected":false},"excerpt":{"rendered":"<p>Izabrana nova tijela upravljanja Znanstvenog dru\u0161tva ekonomistaDana 28.2.2020. godine odr\u017eana je redovna i izborna Skup\u0161tina na kojoj je izabrano novo vodstvo Dru\u0161tva. Novi predsjednik Dru\u0161tva je prof. dr. sc. Hrvoje \u0160imovi\u0107 koji je preuzeo mandat od dosada\u0161njeg predsjednika prof. dr. sc. Luke Brki\u0107a. Izabrana su i ostala tijela Dru\u0161tva. [VIDI VI\u0160E]&nbsp;&nbsp;<\/p>","protected":false},"author":1,"featured_media":0,"comment_status":"closed","ping_status":"closed","sticky":false,"template":"","format":"standard","meta":[],"categories":[14],"tags":[],"yoast_head":"<!-- This site is optimized with the Yoast SEO plugin v14.0.4 - https:\/\/yoast.com\/wordpress\/plugins\/seo\/ -->\n<title>| Znanstveno dru\u0161tvo ekonomista<\/title>\n<meta name=\"description\" content=\"Znanstveno dru\u0161tvo ekonomista | Znanstveno dru\u0161tvo ekonomista\" \/>\n<meta name=\"robots\" content=\"index, follow\" \/>\n<meta name=\"googlebot\" content=\"index, follow, max-snippet:-1, max-image-preview:large, max-video-preview:-1\" \/>\n<meta name=\"bingbot\" content=\"index, follow, max-snippet:-1, max-image-preview:large, max-video-preview:-1\" \/>\n<link rel=\"canonical\" href=\"http:\/\/zde.hr\/en\/izabrana-nova-upravna-tijela-znanstvenog-drustva-ekonomista\/\" \/>\n<meta property=\"og:locale\" content=\"en_US\" \/>\n<meta property=\"og:type\" content=\"article\" \/>\n<meta property=\"og:title\" content=\"| Znanstveno dru\u0161tvo ekonomista\" \/>\n<meta property=\"og:description\" content=\"Znanstveno dru\u0161tvo ekonomista | Znanstveno dru\u0161tvo ekonomista\" \/>\n<meta property=\"og:url\" content=\"http:\/\/zde.hr\/en\/izabrana-nova-upravna-tijela-znanstvenog-drustva-ekonomista\/\" \/>\n<meta property=\"og:site_name\" content=\"Znanstveno dru\u0161tvo ekonomista\" \/>\n<meta property=\"article:published_time\" content=\"2020-05-06T19:56:12+00:00\" \/>\n<meta property=\"article:modified_time\" content=\"2022-11-15T14:02:28+00:00\" \/>\n<meta name=\"twitter:card\" content=\"summary_large_image\" \/>\n<script type=\"application\/ld+json\" class=\"yoast-schema-graph\">{\"@context\":\"https:\/\/schema.org\",\"@graph\":[{\"@type\":\"Organization\",\"@id\":\"http:\/\/zde.hr\/en\/#organization\",\"name\":\"Znanstveno dru\\u0161tvo ekonomista\",\"url\":\"http:\/\/zde.hr\/en\/\",\"sameAs\":[\"https:\/\/hr.linkedin.com\/in\/znanstveno-dru\\u0161tvo-ekonomista-a76713114\"],\"logo\":{\"@type\":\"ImageObject\",\"@id\":\"http:\/\/zde.hr\/en\/#logo\",\"inLanguage\":\"en-US\",\"url\":\"http:\/\/zde.hr\/wp-content\/uploads\/2020\/04\/Logo.png\",\"width\":176,\"height\":157,\"caption\":\"Znanstveno dru\\u0161tvo ekonomista\"},\"image\":{\"@id\":\"http:\/\/zde.hr\/en\/#logo\"}},{\"@type\":\"WebSite\",\"@id\":\"http:\/\/zde.hr\/en\/#website\",\"url\":\"http:\/\/zde.hr\/en\/\",\"name\":\"Znanstveno dru\\u0161tvo ekonomista\",\"description\":\"Znanstveno dru\\u0161tvo ekonomista\",\"publisher\":{\"@id\":\"http:\/\/zde.hr\/en\/#organization\"},\"potentialAction\":[{\"@type\":\"SearchAction\",\"target\":\"http:\/\/zde.hr\/en\/?s={search_term_string}\",\"query-input\":\"required name=search_term_string\"}],\"inLanguage\":\"en-US\"},{\"@type\":\"WebPage\",\"@id\":\"http:\/\/zde.hr\/izabrana-nova-upravna-tijela-znanstvenog-drustva-ekonomista\/#webpage\",\"url\":\"http:\/\/zde.hr\/izabrana-nova-upravna-tijela-znanstvenog-drustva-ekonomista\/\",\"name\":\"| Znanstveno dru\\u0161tvo ekonomista\",\"isPartOf\":{\"@id\":\"http:\/\/zde.hr\/en\/#website\"},\"datePublished\":\"2020-05-06T19:56:12+00:00\",\"dateModified\":\"2022-11-15T14:02:28+00:00\",\"description\":\"Znanstveno dru\\u0161tvo ekonomista | Znanstveno dru\\u0161tvo ekonomista\",\"inLanguage\":\"en-US\",\"potentialAction\":[{\"@type\":\"ReadAction\",\"target\":[\"http:\/\/zde.hr\/izabrana-nova-upravna-tijela-znanstvenog-drustva-ekonomista\/\"]}]},{\"@type\":\"Article\",\"@id\":\"http:\/\/zde.hr\/izabrana-nova-upravna-tijela-znanstvenog-drustva-ekonomista\/#article\",\"isPartOf\":{\"@id\":\"http:\/\/zde.hr\/izabrana-nova-upravna-tijela-znanstvenog-drustva-ekonomista\/#webpage\"},\"author\":{\"@id\":\"http:\/\/zde.hr\/en\/#\/schema\/person\/b7406144007ccd37c5e920139d677f24\"},\"headline\":\"No title\",\"datePublished\":\"2020-05-06T19:56:12+00:00\",\"dateModified\":\"2022-11-15T14:02:28+00:00\",\"commentCount\":0,\"mainEntityOfPage\":{\"@id\":\"http:\/\/zde.hr\/izabrana-nova-upravna-tijela-znanstvenog-drustva-ekonomista\/#webpage\"},\"publisher\":{\"@id\":\"http:\/\/zde.hr\/en\/#organization\"},\"articleSection\":\"ZDE\",\"inLanguage\":\"en-US\"},{\"@type\":[\"Person\"],\"@id\":\"http:\/\/zde.hr\/en\/#\/schema\/person\/b7406144007ccd37c5e920139d677f24\",\"name\":\"admin\",\"image\":{\"@type\":\"ImageObject\",\"@id\":\"http:\/\/zde.hr\/en\/#personlogo\",\"inLanguage\":\"en-US\",\"url\":\"http:\/\/1.gravatar.com\/avatar\/7450309221ef62a24dced38757e9dea0?s=96&d=mm&r=g\",\"caption\":\"admin\"}}]}<\/script>\n<!-- \/ Yoast SEO plugin. -->","_links":{"self":[{"href":"http:\/\/zde.hr\/en\/wp-json\/wp\/v2\/posts\/215"}],"collection":[{"href":"http:\/\/zde.hr\/en\/wp-json\/wp\/v2\/posts"}],"about":[{"href":"http:\/\/zde.hr\/en\/wp-json\/wp\/v2\/types\/post"}],"author":[{"embeddable":true,"href":"http:\/\/zde.hr\/en\/wp-json\/wp\/v2\/users\/1"}],"replies":[{"embeddable":true,"href":"http:\/\/zde.hr\/en\/wp-json\/wp\/v2\/comments?post=215"}],"version-history":[{"count":32,"href":"http:\/\/zde.hr\/en\/wp-json\/wp\/v2\/posts\/215\/revisions"}],"predecessor-version":[{"id":778,"href":"http:\/\/zde.hr\/en\/wp-json\/wp\/v2\/posts\/215\/revisions\/778"}],"wp:attachment":[{"href":"http:\/\/zde.hr\/en\/wp-json\/wp\/v2\/media?parent=215"}],"wp:term":[{"taxonomy":"category","embeddable":true,"href":"http:\/\/zde.hr\/en\/wp-json\/wp\/v2\/categories?post=215"},{"taxonomy":"post_tag","embeddable":true,"href":"http:\/\/zde.hr\/en\/wp-json\/wp\/v2\/tags?post=215"}],"curies":[{"name":"wp","href":"https:\/\/api.w.org\/{rel}","templated":true}]}}